{"id":2113,"date":"2021-10-22T13:00:36","date_gmt":"2021-10-22T16:00:36","guid":{"rendered":"https:\/\/feiraecologica.com.br\/fae\/?p=2113"},"modified":"2026-03-12T14:35:26","modified_gmt":"2026-03-12T17:35:26","slug":"fae-na-radio-universidade-respira-cultura-t02e34-eco-cultura","status":"publish","type":"post","link":"https:\/\/feiraecologica.com.br\/fae\/fae-na-radio-universidade-respira-cultura-t02e34-eco-cultura\/","title":{"rendered":"FAE na R\u00e1dio Universidade ~ Respira Cultura t02e34 | Eco Cultura"},"content":{"rendered":"<figure class=\"wp-block-image size-large\"><figcaption><em>Ilustra\u00e7\u00e3o de Dani Eizirik. Foto de Camila Torres Brum<\/em><\/figcaption><\/figure>\n<p>&nbsp;<\/p>\n<p>No Respira Cultura desta semana, falamos de comida, divers\u00e3o e arte! Destacamos o lan\u00e7amento do projeto \u201cS\u00e1bado Cultural\u201d da Feira de Agricultores Ecologistas, que acontece no dia 23 de outubro, na celebra\u00e7\u00e3o do anivers\u00e1rio de 32 anos da Feira. A produtora cultural Camila Torres Brum comenta a iniciativa, realizada em parceria com o Instituto Goethe.<\/p>\n<p>Tamb\u00e9m trazemos dicas de eventos art\u00edsticos ao ar livre que est\u00e3o acontecendo em Porto Alegre e, no momento de leitura, compartilhamos um poema da escritora V\u00e3ngri Kaingang.<\/p>\n<p>Produ\u00e7\u00e3o do Departamento de Jornalismo da R\u00e1dio da Universidade. Apresenta\u00e7\u00e3o de Liz De Bortoli e Mariana Sirena.<\/p>\n<p>Escute aqui:<\/p>\n<p><iframe loading=\"lazy\" src=\"https:\/\/anchor.fm\/radioufrgs\/embed\/episodes\/Respira-Cultura-t02e34--Eco-Cultura-e194ieq\/a-a6odmad\" width=\"400px\" height=\"102px\" frameborder=\"0\" scrolling=\"no\"><\/iframe><\/p>\n<p>Por <a href=\"https:\/\/www.ufrgs.br\/destaquesradio\/2021\/10\/22\/respira-cultura-t02e34-eco-cultura\/\">UFRGS.COM.BR<\/a><\/p>\n","protected":false},"excerpt":{"rendered":"<p>Ilustra\u00e7\u00e3o de Dani Eizirik. Foto de Camila Torres Brum &nbsp; No Respira Cultura desta semana, falamos de comida, divers\u00e3o e arte! Destacamos o lan\u00e7amento do projeto \u201cS\u00e1bado Cultural\u201d da Feira de Agricultores Ecologistas, que acontece no dia 23 de outubro, na celebra\u00e7\u00e3o do anivers\u00e1rio de 32 anos da Feira. A produtora cultural Camila Torres Brum comenta a iniciativa, realizada em&hellip;<\/p>\n","protected":false},"author":990005,"featured_media":2114,"comment_status":"closed","ping_status":"open","sticky":false,"template":"","format":"standard","meta":{"footnotes":""},"categories":[1],"tags":[],"class_list":["post-2113","post","type-post","status-publish","format-standard","has-post-thumbnail","hentry","category-noticias"],"_links":{"self":[{"href":"https:\/\/feiraecologica.com.br\/fae\/wp-json\/wp\/v2\/posts\/2113","targetHints":{"allow":["GET"]}}],"collection":[{"href":"https:\/\/feiraecologica.com.br\/fae\/wp-json\/wp\/v2\/posts"}],"about":[{"href":"https:\/\/feiraecologica.com.br\/fae\/wp-json\/wp\/v2\/types\/post"}],"author":[{"embeddable":true,"href":"https:\/\/feiraecologica.com.br\/fae\/wp-json\/wp\/v2\/users\/990005"}],"replies":[{"embeddable":true,"href":"https:\/\/feiraecologica.com.br\/fae\/wp-json\/wp\/v2\/comments?post=2113"}],"version-history":[{"count":3,"href":"https:\/\/feiraecologica.com.br\/fae\/wp-json\/wp\/v2\/posts\/2113\/revisions"}],"predecessor-version":[{"id":2117,"href":"https:\/\/feiraecologica.com.br\/fae\/wp-json\/wp\/v2\/posts\/2113\/revisions\/2117"}],"wp:featuredmedia":[{"embeddable":true,"href":"https:\/\/feiraecologica.com.br\/fae\/wp-json\/wp\/v2\/media\/2114"}],"wp:attachment":[{"href":"https:\/\/feiraecologica.com.br\/fae\/wp-json\/wp\/v2\/media?parent=2113"}],"wp:term":[{"taxonomy":"category","embeddable":true,"href":"https:\/\/feiraecologica.com.br\/fae\/wp-json\/wp\/v2\/categories?post=2113"},{"taxonomy":"post_tag","embeddable":true,"href":"https:\/\/feiraecologica.com.br\/fae\/wp-json\/wp\/v2\/tags?post=2113"}],"curies":[{"name":"wp","href":"https:\/\/api.w.org\/{rel}","templated":true}]}}