{"id":2073,"date":"2021-09-02T11:44:58","date_gmt":"2021-09-02T14:44:58","guid":{"rendered":"https:\/\/feiraecologica.com.br\/fae\/?p=2073"},"modified":"2026-03-12T14:35:26","modified_gmt":"2026-03-12T17:35:26","slug":"lancamento-livro-bilingue-reune-desenhos-e-historias-da-cultura-guarani","status":"publish","type":"post","link":"https:\/\/feiraecologica.com.br\/fae\/lancamento-livro-bilingue-reune-desenhos-e-historias-da-cultura-guarani\/","title":{"rendered":"Lan\u00e7amento ~ Livro bil\u00edngue re\u00fane Desenhos e Hist\u00f3rias da Cultura Guarani"},"content":{"rendered":"<p><img loading=\"lazy\" decoding=\"async\" class=\"size-medium wp-image-2080 alignright\" src=\"https:\/\/feiraecologica.com.br\/fae\/wp-content\/uploads\/2021\/09\/Nhemombarate-Reko-Rai-Jose-Vera-cred.-Divulgacao-300x229.jpg\" alt=\"\" width=\"300\" height=\"229\" srcset=\"https:\/\/feiraecologica.com.br\/fae\/wp-content\/uploads\/2021\/09\/Nhemombarate-Reko-Rai-Jose-Vera-cred.-Divulgacao-300x229.jpg 300w, https:\/\/feiraecologica.com.br\/fae\/wp-content\/uploads\/2021\/09\/Nhemombarate-Reko-Rai-Jose-Vera-cred.-Divulgacao-1024x780.jpg 1024w, https:\/\/feiraecologica.com.br\/fae\/wp-content\/uploads\/2021\/09\/Nhemombarate-Reko-Rai-Jose-Vera-cred.-Divulgacao-768x585.jpg 768w, https:\/\/feiraecologica.com.br\/fae\/wp-content\/uploads\/2021\/09\/Nhemombarate-Reko-Rai-Jose-Vera-cred.-Divulgacao-1536x1170.jpg 1536w, https:\/\/feiraecologica.com.br\/fae\/wp-content\/uploads\/2021\/09\/Nhemombarate-Reko-Rai-Jose-Vera-cred.-Divulgacao-2048x1561.jpg 2048w, https:\/\/feiraecologica.com.br\/fae\/wp-content\/uploads\/2021\/09\/Nhemombarate-Reko-Rai-Jose-Vera-cred.-Divulgacao-370x282.jpg 370w, https:\/\/feiraecologica.com.br\/fae\/wp-content\/uploads\/2021\/09\/Nhemombarate-Reko-Rai-Jose-Vera-cred.-Divulgacao-760x579.jpg 760w, https:\/\/feiraecologica.com.br\/fae\/wp-content\/uploads\/2021\/09\/Nhemombarate-Reko-Rai-Jose-Vera-cred.-Divulgacao-1520x1158.jpg 1520w, https:\/\/feiraecologica.com.br\/fae\/wp-content\/uploads\/2021\/09\/Nhemombarate-Reko-Rai-Jose-Vera-cred.-Divulgacao-740x564.jpg 740w\" sizes=\"auto, (max-width: 300px) 100vw, 300px\" \/><\/p>\n<p>&nbsp;<\/p>\n<p style=\"text-align: right;\"><i><span style=\"font-weight: 400;\">\u201cNosso modo de aprendizagem \u00e9 a \u00e1rvore, por isso n\u00f3s aprendemos debaixo da \u00e1rvore. Nosso mestre \u00e9 a \u00e1rvore Ip\u00ea. Da \u00e1rvore, n\u00f3s adquirimos os conhecimentos. A \u00e1rvore \u00e9 o princ\u00edpio de nosso conhecimento.\u201d<br \/>\n<\/span><\/i><span style=\"font-weight: 400;\">Jos\u00e9 Ver\u00e1 (<\/span><b>Nhemombaraete Reko R\u00e3\u2019i: fortalecendo a sabedoria<\/b><span style=\"font-weight: 400;\">)<br \/>\n<\/span><\/p>\n<p>&nbsp;<\/p>\n<p><span style=\"font-weight: 400;\">No litoral norte do Rio Grande do Sul, est\u00e1 localizada a Aldeia Yvyty Por\u00e3, na <\/span><b>Terra Ind\u00edgena Guarani Barra do Ouro, <\/b><span style=\"font-weight: 400;\">conhecida entre os n\u00e3o ind\u00edgenas como \u201cAldeia do Campo Molhado\u201d. Com um passado de resist\u00eancia guarani, essa \u00e1rea foi retomada pelos Mbya Guarani e demarcada h\u00e1 cerca de 30 anos, sendo uma das maiores terras ind\u00edgenas exclusivamente guarani do estado do RS. L\u00e1 vive <\/span><b>Jos\u00e9 Ver\u00e1:<\/b><span style=\"font-weight: 400;\"> autor do livro <\/span><b>&#8220;Nhemombaraete Reko R\u00e3\u2019i: fortalecendo a sabedoria&#8221;<\/b><span style=\"font-weight: 400;\"> (Riacho, 128 p\u00e1gs. R$ 60,00), que re\u00fane seus desenhos e, para cada uma deles, hist\u00f3rias e ensinamentos da cultura guarani. A inaugura\u00e7\u00e3o da campanha de lan\u00e7amento acontece no dia 4 de setembro (s\u00e1bado), na FAE &#8211; Feira dos Agricultores Ecologistas (Banca do Meio | Rua Jos\u00e9 Bonif\u00e1cio, Porto Alegre), \u00e0s 10h. Durante o m\u00eas de setembro, o livro poder\u00e1 ser adquirido pelo pre\u00e7o promocional de R$ 40,00 atrav\u00e9s do site<\/span><a href=\"http:\/\/www.riacho.me\/josevera\"> <span style=\"font-weight: 400;\">www.riacho.me\/josevera<\/span><\/a><span style=\"font-weight: 400;\">. Em seguida, a publica\u00e7\u00e3o bil\u00edngue portugu\u00eas\/guarani estar\u00e1 dispon\u00edvel para a venda na livraria<\/span><a href=\"https:\/\/viasapiens.com\/\"> <span style=\"font-weight: 400;\">Via Sapiens<\/span><\/a><span style=\"font-weight: 400;\"> (Porto Alegre), no site do selo<\/span><a href=\"https:\/\/riacho.me\/josevera\/\"> <span style=\"font-weight: 400;\">Riacho<\/span><\/a><span style=\"font-weight: 400;\"> e tamb\u00e9m direto com o autor.<\/span><\/p>\n<p><span style=\"font-weight: 400;\">Jos\u00e9 Ver\u00e1, de 71 anos, desenhista autodidata nasceu para a &#8220;conta\u00e7\u00e3o de hist\u00f3rias&#8221;. A Aldeia Serra Bonita (Yvyty Por\u00e3), situada entre os munic\u00edpios de Cara\u00e1, Maquin\u00e9 e Riozinho, serviu de inspira\u00e7\u00e3o e guia. &#8220;Eu escrevi aqui, dentro dessa casa, dentro da minha aldeia, no meio da minha fam\u00edlia&#8221;, relembra o artista. &#8220;N\u00e3o sa\u00ed para outro lugar. Eu recebi uma mensagem diretamente para mim&#8221;, explica. Produzidos a l\u00e1pis e caneta, os desenhos espelham a espiritualidade do povo Mbya Guarani e sua rela\u00e7\u00e3o com a biodiversidade.<\/span><\/p>\n<p><img loading=\"lazy\" decoding=\"async\" class=\"size-medium wp-image-2074 aligncenter\" src=\"https:\/\/feiraecologica.com.br\/fae\/wp-content\/uploads\/2021\/09\/Retrato-Jose-Vera-cred.-Sergio-Guidoux-200x300.jpg\" alt=\"\" width=\"200\" height=\"300\" srcset=\"https:\/\/feiraecologica.com.br\/fae\/wp-content\/uploads\/2021\/09\/Retrato-Jose-Vera-cred.-Sergio-Guidoux-200x300.jpg 200w, https:\/\/feiraecologica.com.br\/fae\/wp-content\/uploads\/2021\/09\/Retrato-Jose-Vera-cred.-Sergio-Guidoux-683x1024.jpg 683w, https:\/\/feiraecologica.com.br\/fae\/wp-content\/uploads\/2021\/09\/Retrato-Jose-Vera-cred.-Sergio-Guidoux-768x1151.jpg 768w, https:\/\/feiraecologica.com.br\/fae\/wp-content\/uploads\/2021\/09\/Retrato-Jose-Vera-cred.-Sergio-Guidoux-1025x1536.jpg 1025w, https:\/\/feiraecologica.com.br\/fae\/wp-content\/uploads\/2021\/09\/Retrato-Jose-Vera-cred.-Sergio-Guidoux-1366x2048.jpg 1366w, https:\/\/feiraecologica.com.br\/fae\/wp-content\/uploads\/2021\/09\/Retrato-Jose-Vera-cred.-Sergio-Guidoux-370x555.jpg 370w, https:\/\/feiraecologica.com.br\/fae\/wp-content\/uploads\/2021\/09\/Retrato-Jose-Vera-cred.-Sergio-Guidoux-760x1139.jpg 760w, https:\/\/feiraecologica.com.br\/fae\/wp-content\/uploads\/2021\/09\/Retrato-Jose-Vera-cred.-Sergio-Guidoux-1520x2279.jpg 1520w, https:\/\/feiraecologica.com.br\/fae\/wp-content\/uploads\/2021\/09\/Retrato-Jose-Vera-cred.-Sergio-Guidoux-740x1109.jpg 740w, https:\/\/feiraecologica.com.br\/fae\/wp-content\/uploads\/2021\/09\/Retrato-Jose-Vera-cred.-Sergio-Guidoux.jpg 1601w\" sizes=\"auto, (max-width: 200px) 100vw, 200px\" \/><\/p>\n<p><span style=\"font-weight: 400;\">Mensagens sobre ecologia e vida em comunidade permeiam a obra. Com t\u00edtulos como O Lua (Jaxy), O Sol (Kuaray), Nossa m\u00e3e verdadeira (Nhandexy anhet\u00eangua), Erva-mate (Ka\ua78ba), Escola (Nhembo\ua78bea), os temas do livro rendem li\u00e7\u00f5es para ind\u00edgenas e especialmente para n\u00e3o ind\u00edgenas. As hist\u00f3rias evidenciam a \u00edntima rela\u00e7\u00e3o que t\u00eam os povos ind\u00edgenas com o territ\u00f3rio. E por isso trazem \u00e0 luz a relev\u00e2ncia que teve a luta travada pelos ind\u00edgenas pela autodemarca\u00e7\u00e3o dessa \u00e1rea h\u00e1 tr\u00eas d\u00e9cadas.<br \/>\n<img loading=\"lazy\" decoding=\"async\" class=\"size-medium wp-image-2076 aligncenter\" src=\"https:\/\/feiraecologica.com.br\/fae\/wp-content\/uploads\/2021\/09\/Erva-mate-Ka\ua78ba-cred.-Jose-Vera-214x300.jpg\" alt=\"\" width=\"214\" height=\"300\" srcset=\"https:\/\/feiraecologica.com.br\/fae\/wp-content\/uploads\/2021\/09\/Erva-mate-Ka\ua78ba-cred.-Jose-Vera-214x300.jpg 214w, https:\/\/feiraecologica.com.br\/fae\/wp-content\/uploads\/2021\/09\/Erva-mate-Ka\ua78ba-cred.-Jose-Vera-732x1024.jpg 732w, https:\/\/feiraecologica.com.br\/fae\/wp-content\/uploads\/2021\/09\/Erva-mate-Ka\ua78ba-cred.-Jose-Vera-768x1074.jpg 768w, https:\/\/feiraecologica.com.br\/fae\/wp-content\/uploads\/2021\/09\/Erva-mate-Ka\ua78ba-cred.-Jose-Vera-1098x1536.jpg 1098w, https:\/\/feiraecologica.com.br\/fae\/wp-content\/uploads\/2021\/09\/Erva-mate-Ka\ua78ba-cred.-Jose-Vera-1464x2048.jpg 1464w, https:\/\/feiraecologica.com.br\/fae\/wp-content\/uploads\/2021\/09\/Erva-mate-Ka\ua78ba-cred.-Jose-Vera-370x518.jpg 370w, https:\/\/feiraecologica.com.br\/fae\/wp-content\/uploads\/2021\/09\/Erva-mate-Ka\ua78ba-cred.-Jose-Vera-760x1063.jpg 760w, https:\/\/feiraecologica.com.br\/fae\/wp-content\/uploads\/2021\/09\/Erva-mate-Ka\ua78ba-cred.-Jose-Vera-1520x2126.jpg 1520w, https:\/\/feiraecologica.com.br\/fae\/wp-content\/uploads\/2021\/09\/Erva-mate-Ka\ua78ba-cred.-Jose-Vera-740x1035.jpg 740w, https:\/\/feiraecologica.com.br\/fae\/wp-content\/uploads\/2021\/09\/Erva-mate-Ka\ua78ba-cred.-Jose-Vera-scaled.jpg 1830w\" sizes=\"auto, (max-width: 214px) 100vw, 214px\" \/><br \/>\n<\/span><\/p>\n<p><span style=\"font-weight: 400;\">As hist\u00f3rias que comp\u00f5em <\/span><b>&#8220;Nhemombaraete Reko R\u00e3\u2019i: fortalecendo a sabedoria&#8221;<\/b><span style=\"font-weight: 400;\"> foram ditadas por Jos\u00e9 Ver\u00e1 a professores guarani, que fizeram posteriormente a revisa\u0303o e traduc\u0327a\u0303o para a li\u0301ngua portuguesa. O livro foi composto de forma colaborativa, com visitas \u00e0 comunidade com proto\u0301tipos impressos e digitais para decidir o visual final da publica\u00e7\u00e3o. O projeto foi executado atrav\u00e9s do Edital Cria\u00e7\u00e3o e Forma\u00e7\u00e3o Diversidade das Culturas realizado com recursos da Lei Aldir Blanc n\u00ba 14.017\/20 e \u00e9 uma das a\u00e7\u00f5es da AEPIM (Associa\u00e7\u00e3o de Estudos e Projetos com Povos Ind\u00edgenas e Minorit\u00e1rios), organiza\u00e7\u00e3o n\u00e3o governamental que atua desde 2009 em parceria com povos ind\u00edgenas, quilombolas, comunidades pescadoras e de agricultura familiar. A publica\u00e7\u00e3o tem edi\u00e7\u00e3o e projeto gr\u00e1fico do selo editorial Riacho ( @riacho.me \/ <\/span><a href=\"http:\/\/www.riacho.me\"><span style=\"font-weight: 400;\">www.riacho.me<\/span><\/a><span style=\"font-weight: 400;\"> ) ativo desde 2016 com foco no fazer po\u00e9tico e na diversidade socioambiental.<\/span><\/p>\n<p style=\"text-align: center;\"><span style=\"font-weight: 400;\"> <img loading=\"lazy\" decoding=\"async\" class=\"alignnone size-medium wp-image-2075\" src=\"https:\/\/feiraecologica.com.br\/fae\/wp-content\/uploads\/2021\/09\/A-Garca-Branca-Guyrax\u1fd6-cred.-Jose-Vera-248x300.jpg\" alt=\"\" width=\"248\" height=\"300\" srcset=\"https:\/\/feiraecologica.com.br\/fae\/wp-content\/uploads\/2021\/09\/A-Garca-Branca-Guyrax\u1fd6-cred.-Jose-Vera-248x300.jpg 248w, https:\/\/feiraecologica.com.br\/fae\/wp-content\/uploads\/2021\/09\/A-Garca-Branca-Guyrax\u1fd6-cred.-Jose-Vera-846x1024.jpg 846w, https:\/\/feiraecologica.com.br\/fae\/wp-content\/uploads\/2021\/09\/A-Garca-Branca-Guyrax\u1fd6-cred.-Jose-Vera-768x929.jpg 768w, https:\/\/feiraecologica.com.br\/fae\/wp-content\/uploads\/2021\/09\/A-Garca-Branca-Guyrax\u1fd6-cred.-Jose-Vera-1270x1536.jpg 1270w, https:\/\/feiraecologica.com.br\/fae\/wp-content\/uploads\/2021\/09\/A-Garca-Branca-Guyrax\u1fd6-cred.-Jose-Vera-1693x2048.jpg 1693w, https:\/\/feiraecologica.com.br\/fae\/wp-content\/uploads\/2021\/09\/A-Garca-Branca-Guyrax\u1fd6-cred.-Jose-Vera-370x448.jpg 370w, https:\/\/feiraecologica.com.br\/fae\/wp-content\/uploads\/2021\/09\/A-Garca-Branca-Guyrax\u1fd6-cred.-Jose-Vera-760x919.jpg 760w, https:\/\/feiraecologica.com.br\/fae\/wp-content\/uploads\/2021\/09\/A-Garca-Branca-Guyrax\u1fd6-cred.-Jose-Vera-1520x1839.jpg 1520w, https:\/\/feiraecologica.com.br\/fae\/wp-content\/uploads\/2021\/09\/A-Garca-Branca-Guyrax\u1fd6-cred.-Jose-Vera-740x895.jpg 740w\" sizes=\"auto, (max-width: 248px) 100vw, 248px\" \/><\/span><\/p>\n<p><b>Servi\u00e7o<br \/>\n<\/b><b>T\u00edtulo:<\/b> <i><span style=\"font-weight: 400;\">Nhemombaraete Reko R\u00e3\u2019i: fortalecendo a sabedoria<br \/>\n<\/span><\/i><b>Autor:<\/b><span style=\"font-weight: 400;\"> Jos\u00e9 Ver\u00e1<br \/>\n<\/span><b>Edi\u00e7\u00e3o:<\/b><span style=\"font-weight: 400;\"> Riacho<br \/>\n<\/span><b>N\u00famero de p\u00e1ginas:<\/b><span style=\"font-weight: 400;\"> 128<br \/>\n<\/span><b>Pre\u00e7o de capa:<\/b><span style=\"font-weight: 400;\"> R$ 60,00 (pre\u00e7o promocional de R$ 40,00 durante o m\u00eas de setembro)<br \/>\n<\/span><span style=\"font-weight: 400;\">Onde comprar:<\/span><a href=\"https:\/\/riacho.me\/impresso\/josevera\/\"> <span style=\"font-weight: 400;\">Riacho<\/span><\/a><span style=\"font-weight: 400;\">,<\/span><a href=\"https:\/\/viasapiens.com\/\"> <span style=\"font-weight: 400;\">Via Sapiens<\/span><\/a><br \/>\n<b>Lan\u00e7amento:<\/b><span style=\"font-weight: 400;\"> dia 04\/09\/21 (s\u00e1bado), na FAE &#8211; Feira dos Agricultores Ecologistas (Banca do Meio | Rua Jos\u00e9 Bonif\u00e1cio, Porto Alegre), \u00e0s 10hs.<\/span><\/p>\n<p><b>Trecho:<\/b><span style=\"font-weight: 400;\"> \u201cS\u00f3 Nhanderu (Nosso pai) sabe o que fazer. Quando criou as \u00e1rvores, criou tudo junto, porque \u00e9 a raiz das \u00e1rvores que segura a terra. Por isso n\u00e3o devemos destruir a floresta. Os <\/span><i><span style=\"font-weight: 400;\">jurua<\/span><\/i><span style=\"font-weight: 400;\"> (n\u00e3o ind\u00edgenas) est\u00e3o desmatando muito a floresta, por isso, \u00e0s vezes, acontecem desmoronamentos, porque a terra n\u00e3o tem como se segurar sozinha. \u00c9 isso que os <\/span><i><span style=\"font-weight: 400;\">jurua<\/span><\/i><span style=\"font-weight: 400;\"> n\u00e3o percebem e pensam que \u00e9 s\u00f3 um fen\u00f4meno natural.\u201d (<\/span><b><i>Nhemombaraete Reko R\u00e3\u2019i<\/i><\/b><b>: fortalecendo a sabedoria<\/b><span style=\"font-weight: 400;\">)<\/span><\/p>\n<p><span style=\"font-weight: 400;\">\u00a0<\/span><b>Cr\u00e9ditos:<br \/>\n<\/b><b>Desenhos e hist\u00f3rias:<\/b><span style=\"font-weight: 400;\"> Jos\u00e9 Ver\u00e1<br \/>\n<\/span><b>Transcri\u00e7\u00e3o mbya guarani e tradu\u00e7\u00e3o para portugu\u00eas:<\/b><span style=\"font-weight: 400;\"> Francisco Moreira Alves e Ger\u00f4nimo Morinico Franco<br \/>\n<\/span><b>Revis\u00e3o mbya guarani:<\/b><span style=\"font-weight: 400;\"> Rom\u00e1rio Benites<br \/>\n<\/span><b>Projeto gr\u00e1fico e organiza\u00e7\u00e3o:<\/b><span style=\"font-weight: 400;\"> Dani Eizirik, Iana Scopel Van Nouhuys, K\u00e1tia Zanini e S\u00e9rgio Guidoux<br \/>\n<\/span><b>Apoio:<\/b><span style=\"font-weight: 400;\"> Beatriz Gimenes e Ramon Brizoela<br \/>\n<\/span><b>Fotografias:<\/b><span style=\"font-weight: 400;\"> S\u00e9rgio Guidoux e acervo pessoal do autor<br \/>\n<\/span><b>Realiza\u00e7\u00e3o:<\/b><span style=\"font-weight: 400;\"> Aepim &#8211; Associa\u00e7\u00e3o de Estudos e Projetos com Povos Ind\u00edgenas e Minorit\u00e1rios<br \/>\n<\/span><b>Edi\u00e7\u00e3o:<\/b><span style=\"font-weight: 400;\"> Riacho &#8211; @riacho.me \/ <\/span><a href=\"http:\/\/www.riacho.me\"><span style=\"font-weight: 400;\">www.riacho.me<\/span><\/a><\/p>\n","protected":false},"excerpt":{"rendered":"<p>&nbsp; \u201cNosso modo de aprendizagem \u00e9 a \u00e1rvore, por isso n\u00f3s aprendemos debaixo da \u00e1rvore. Nosso mestre \u00e9 a \u00e1rvore Ip\u00ea. Da \u00e1rvore, n\u00f3s adquirimos os conhecimentos. A \u00e1rvore \u00e9 o princ\u00edpio de nosso conhecimento.\u201d Jos\u00e9 Ver\u00e1 (Nhemombaraete Reko R\u00e3\u2019i: fortalecendo a sabedoria) &nbsp; No litoral norte do Rio Grande do Sul, est\u00e1 localizada a Aldeia Yvyty Por\u00e3, na Terra&hellip;<\/p>\n","protected":false},"author":990005,"featured_media":2079,"comment_status":"closed","ping_status":"open","sticky":false,"template":"","format":"standard","meta":{"footnotes":""},"categories":[20,1],"tags":[],"class_list":["post-2073","post","type-post","status-publish","format-standard","has-post-thumbnail","hentry","category-eventos","category-noticias"],"_links":{"self":[{"href":"https:\/\/feiraecologica.com.br\/fae\/wp-json\/wp\/v2\/posts\/2073","targetHints":{"allow":["GET"]}}],"collection":[{"href":"https:\/\/feiraecologica.com.br\/fae\/wp-json\/wp\/v2\/posts"}],"about":[{"href":"https:\/\/feiraecologica.com.br\/fae\/wp-json\/wp\/v2\/types\/post"}],"author":[{"embeddable":true,"href":"https:\/\/feiraecologica.com.br\/fae\/wp-json\/wp\/v2\/users\/990005"}],"replies":[{"embeddable":true,"href":"https:\/\/feiraecologica.com.br\/fae\/wp-json\/wp\/v2\/comments?post=2073"}],"version-history":[{"count":2,"href":"https:\/\/feiraecologica.com.br\/fae\/wp-json\/wp\/v2\/posts\/2073\/revisions"}],"predecessor-version":[{"id":2081,"href":"https:\/\/feiraecologica.com.br\/fae\/wp-json\/wp\/v2\/posts\/2073\/revisions\/2081"}],"wp:featuredmedia":[{"embeddable":true,"href":"https:\/\/feiraecologica.com.br\/fae\/wp-json\/wp\/v2\/media\/2079"}],"wp:attachment":[{"href":"https:\/\/feiraecologica.com.br\/fae\/wp-json\/wp\/v2\/media?parent=2073"}],"wp:term":[{"taxonomy":"category","embeddable":true,"href":"https:\/\/feiraecologica.com.br\/fae\/wp-json\/wp\/v2\/categories?post=2073"},{"taxonomy":"post_tag","embeddable":true,"href":"https:\/\/feiraecologica.com.br\/fae\/wp-json\/wp\/v2\/tags?post=2073"}],"curies":[{"name":"wp","href":"https:\/\/api.w.org\/{rel}","templated":true}]}}