{"id":2054,"date":"2021-08-12T14:42:59","date_gmt":"2021-08-12T17:42:59","guid":{"rendered":"https:\/\/feiraecologica.com.br\/fae\/?p=2054"},"modified":"2026-03-12T14:35:26","modified_gmt":"2026-03-12T17:35:26","slug":"lancamento-do-livro-mas-se-a-gente-e-o-que-come-quem-nao-come-nada-some-de-ana-mattos","status":"publish","type":"post","link":"https:\/\/feiraecologica.com.br\/fae\/lancamento-do-livro-mas-se-a-gente-e-o-que-come-quem-nao-come-nada-some-de-ana-mattos\/","title":{"rendered":"Lan\u00e7amento do livro &#8220;MAS, SE A GENTE \u00c9 O QUE COME, QUEM N\u00c3O COME NADA, SOME&#8221;, de Ana Mattos"},"content":{"rendered":"<p>O <a class=\"notranslate\" tabindex=\"0\" href=\"https:\/\/www.instagram.com\/consea_rs\/\">CONSEA-RS<\/a> e o\u00a0<a class=\"notranslate\" tabindex=\"0\" href=\"https:\/\/www.instagram.com\/comsea_saoleopoldo\/\">COMSEA &#8211; S\u00e3o Leopoldo<\/a> convidam para Sess\u00e3o de Aut\u00f3grafos do Livro &#8220;MAS, SE A GENTE \u00c9 O QUE COME, QUEM N\u00c3O COME NADA, SOME&#8221; na Banca do Meio da <a class=\"notranslate\" tabindex=\"0\" href=\"https:\/\/www.instagram.com\/fae.feiraecologica\/\">Feira de Agricultores Ecologistas<\/a> (1\u00aa quadra da Rua Jos\u00e9 Bonif\u00e1cio, bairro Bom Fim em Porto Alegre) neste s\u00e1bado,14 de agosto, a partir das 8h30min.<\/p>\n<p>O livro possui uma dimensa\u0303o que vai ale\u0301m da academia. Tem suas rai\u0301zes profundamente fincadas no solo fe\u0301rtil da realidade social. Embora desvele uma realidade que normalmente esta\u0301 esquecida \u2013 que \u201csome\u201d \u2013 de uma cidade do sul do Brasil, a abrange\u0302ncia do tema e\u0301 sem du\u0301vida internacional. O livro foi constru\u00eddo a partir do dia\u0301logo com a rua, e conforme diz Nilson Lopes, representante do coletivo populac\u0327a\u0303o de rua do munic\u00edpio de Sa\u0303o Leopoldo\/RS : &#8220;A fome e\u0301 a maior viole\u0302ncia que se pode submeter um ser humano e nenhuma calamidade pode desagregar a personalidade humana ta\u0303o profundamente e em um sentido ta\u0303o nocivo quanto a\u0300 fome.<\/p>\n<p>Tomando o cen\u00e1rio atual de uma calamidade pand\u00eamica, e\u0301 correto dizer que a fome torna-se um dos temas contempora\u0302neos que esta\u0301 mais em alta, isso quer dizer que em plena pandemia os problemas relacionados a\u0300 ocorre\u0302ncia da fome sa\u0303o agravados, com reforc\u0327o nas desigualdades sociais, a crescente progressa\u0303o da mise\u0301ria, do desemprego, da exclusa\u0303o social, entre outras questo\u0303es que evidenciam as dificuldades de acesso a\u0300 alimentac\u0327a\u0303o e na garantia de vida sauda\u0301vel das pessoas e das comunidades.<\/p>\n<p>O livro \u201cMas, se a gente e\u0301 o que come, quem na\u0303o come nada some!\u201d Escrito pela autora Ana Mattos, trata da problema\u0301tica da fome no \u00e2mbito da situac\u0327a\u0303o de rua. E\u0301 esperado que este livro se torne curri\u0301culo para os cursos de ensino superior, a fim de formar profissionais, apreciado de maneira construtora de novas formas de pensar. Que ele sirva para a academia, e que fac\u0327am dele um instrumento de aprendizado, porque dele tera\u0303o conceitos reais. Que este livro expresse possibilidades, que recrie os discursos, que fortalec\u0327a pra\u0301ticas de cuidado, que instigue justic\u0327a social e que fac\u0327a ecoar as diversas vozes aqui presentes em prol da alimentac\u0327a\u0303o como um ato poli\u0301tico. Meu desejo com este livro na\u0303o e\u0301 ti\u0301mido, muito menos uto\u0301pico, porque acredito que e\u0301 possi\u0301vel sermos transformadores no mundo!<\/p>\n<p>Sobre a autora: Ana Mattos e\u0301 nutricionista formada pela UNISINOS, especialista em sau\u0301de mental pela reside\u0302ncia multiprofissional, mestra em cie\u0302ncias sociais e atualmente doutoranda em poli\u0301ticas pu\u0301blicas pela UFRGS. Ana tambe\u0301m e\u0301 militante e defensora do direito a\u0300 alimentac\u0327a\u0303o para todes, apoiadora de coletivos da pop rua e presidenta do conselho municipal de seguranc\u0327a alimentar e nutricional de Sa\u0303o Leopoldo COMSEA!<\/p>\n<p>* Estaremos recebendo doa\u00e7\u00f5es de alimentos por meio do Comit\u00ea Ga\u00facho de Emerg\u00eancia no Combate \u00e0 Fome.<\/p>\n","protected":false},"excerpt":{"rendered":"<p>O CONSEA-RS e o\u00a0COMSEA &#8211; S\u00e3o Leopoldo convidam para Sess\u00e3o de Aut\u00f3grafos do Livro &#8220;MAS, SE A GENTE \u00c9 O QUE COME, QUEM N\u00c3O COME NADA, SOME&#8221; na Banca do Meio da Feira de Agricultores Ecologistas (1\u00aa quadra da Rua Jos\u00e9 Bonif\u00e1cio, bairro Bom Fim em Porto Alegre) neste s\u00e1bado,14 de agosto, a partir das 8h30min. O livro possui uma&hellip;<\/p>\n","protected":false},"author":990005,"featured_media":2055,"comment_status":"closed","ping_status":"open","sticky":false,"template":"","format":"standard","meta":{"footnotes":""},"categories":[20,1,99],"tags":[],"class_list":["post-2054","post","type-post","status-publish","format-standard","has-post-thumbnail","hentry","category-eventos","category-noticias","category-solidariedade"],"_links":{"self":[{"href":"https:\/\/feiraecologica.com.br\/fae\/wp-json\/wp\/v2\/posts\/2054","targetHints":{"allow":["GET"]}}],"collection":[{"href":"https:\/\/feiraecologica.com.br\/fae\/wp-json\/wp\/v2\/posts"}],"about":[{"href":"https:\/\/feiraecologica.com.br\/fae\/wp-json\/wp\/v2\/types\/post"}],"author":[{"embeddable":true,"href":"https:\/\/feiraecologica.com.br\/fae\/wp-json\/wp\/v2\/users\/990005"}],"replies":[{"embeddable":true,"href":"https:\/\/feiraecologica.com.br\/fae\/wp-json\/wp\/v2\/comments?post=2054"}],"version-history":[{"count":3,"href":"https:\/\/feiraecologica.com.br\/fae\/wp-json\/wp\/v2\/posts\/2054\/revisions"}],"predecessor-version":[{"id":2058,"href":"https:\/\/feiraecologica.com.br\/fae\/wp-json\/wp\/v2\/posts\/2054\/revisions\/2058"}],"wp:featuredmedia":[{"embeddable":true,"href":"https:\/\/feiraecologica.com.br\/fae\/wp-json\/wp\/v2\/media\/2055"}],"wp:attachment":[{"href":"https:\/\/feiraecologica.com.br\/fae\/wp-json\/wp\/v2\/media?parent=2054"}],"wp:term":[{"taxonomy":"category","embeddable":true,"href":"https:\/\/feiraecologica.com.br\/fae\/wp-json\/wp\/v2\/categories?post=2054"},{"taxonomy":"post_tag","embeddable":true,"href":"https:\/\/feiraecologica.com.br\/fae\/wp-json\/wp\/v2\/tags?post=2054"}],"curies":[{"name":"wp","href":"https:\/\/api.w.org\/{rel}","templated":true}]}}