{"id":2038,"date":"2021-07-15T11:19:00","date_gmt":"2021-07-15T14:19:00","guid":{"rendered":"https:\/\/feiraecologica.com.br\/fae\/?p=2038"},"modified":"2026-03-12T14:35:26","modified_gmt":"2026-03-12T17:35:26","slug":"porto-alegre-ganha-feira-ecologica-online","status":"publish","type":"post","link":"https:\/\/feiraecologica.com.br\/fae\/porto-alegre-ganha-feira-ecologica-online\/","title":{"rendered":"Porto Alegre ganha Feira Ecol\u00f3gica Online"},"content":{"rendered":"<p>A primeira feira ecol\u00f3gica do Brasil agora est\u00e1 online. A FAE \u2013 Feira dos Agricultores Ecologistas, que desde 1989 \u00e9 realizada fisicamente todos os s\u00e1bados na primeira quadra da Av, Jos\u00e9 Bonif\u00e1cio (Porto Alegre\/RS), disponibiliza agora seus org\u00e2nicos aos moradores da capital ga\u00facha que quiserem receber em sua casa um alimento saud\u00e1vel e livre de agrot\u00f3xicos. \u00c9 s\u00f3 acessar, entre as 7h de quarta-feira e 14h de quinta-feira, o <a href=\"https:\/\/feiraecologica.com.br\/fae\">https:\/\/feiraecologica.com.br\/fae<\/a> e entrar na op\u00e7\u00e3o \u201cFeira Online\u201d.<\/p>\n<p>Um grande diferencial da FAE Online \u00e9 que toda a concep\u00e7\u00e3o do site busca proporcionar as mesmas oportunidades de quem vai \u00e0 feira. Ou seja, a pessoa pode escolher o produto de seu interesse e comprar do produtor de sua prefer\u00eancia. Basta entrar no link \u201cBancas da FAE\u201d e ver\u00e1 um mapa com a mesma disposi\u00e7\u00e3o das bancas que acontecem na feira f\u00edsica. Clicando na banca pode escolher o alimento que desejar e sua encomenda ser\u00e1 entregue no s\u00e1bado seguinte diretamente do produtor desejado.<\/p>\n<p>\u201cUma das grandes riquezas de ir a uma feira ecol\u00f3gica \u00e9 poder conhecer quem produz o alimento que vamos comer, \u00e9 criar este v\u00ednculo de amizade e confian\u00e7a entre o agricultor no campo e seu parceiro na cidade\u201d, lembra Franciele Bell\u00e9, coordenadora da Associa\u00e7\u00e3o Agroecol\u00f3gica. \u201cQuer\u00edamos reproduzir de alguma forma este valor a quem comprasse nossos org\u00e2nicos de forma online e esta foi a maneira que encontramos\u201d, acrescenta.<\/p>\n<p>Outra op\u00e7\u00e3o \u00e9 fazer a aquisi\u00e7\u00e3o das hortali\u00e7as, frutas, itens de padaria, ch\u00e1s, temperos, ra\u00edzes, bebidas, cogumelos, farin\u00e1ceos, gr\u00e3os, sementes, latic\u00ednios e mel\u00edferos org\u00e2nicos diretamente de uma lista de produtos.<\/p>\n<p>Neste caso basta acessar a op\u00e7\u00e3o \u201cLista Completa\u201d no aqui no nosso site.<\/p>\n<p>A FAE Online \u00e9 uma iniciativa da Associa\u00e7\u00e3o dos Agricultores Ecologistas Solid\u00e1rios do RS \u2013 Associa\u00e7\u00e3o Agroecol\u00f3gica \u2013 executado em parceria com a M\u00fatua Rede de Reciprocidade, uma rede que prop\u00f5e conectar campo e cidade em uma rela\u00e7\u00e3o harm\u00f4nica para a promo\u00e7\u00e3o dos alimentos agroecol\u00f3gicos cultivados no RS. Todo o processo come\u00e7ou a ser constru\u00eddo de forma coletiva no in\u00edcio de 2020, no in\u00edcio da pandemia, com conversas dos agricultores da FAE com as aliadas da M\u00fatua visando proporcionar maior acesso \u00e0 quem mora na cidade a alimentos saud\u00e1veis produzidos com respeito ao meio ambiente, \u00e0s rela\u00e7\u00f5es sociais e \u00e0 vida.<\/p>\n","protected":false},"excerpt":{"rendered":"<p>A primeira feira ecol\u00f3gica do Brasil agora est\u00e1 online. A FAE \u2013 Feira dos Agricultores Ecologistas, que desde 1989 \u00e9 realizada fisicamente todos os s\u00e1bados na primeira quadra da Av, Jos\u00e9 Bonif\u00e1cio (Porto Alegre\/RS), disponibiliza agora seus org\u00e2nicos aos moradores da capital ga\u00facha que quiserem receber em sua casa um alimento saud\u00e1vel e livre de agrot\u00f3xicos. \u00c9 s\u00f3 acessar, entre&hellip;<\/p>\n","protected":false},"author":990005,"featured_media":2039,"comment_status":"closed","ping_status":"open","sticky":false,"template":"","format":"standard","meta":{"footnotes":""},"categories":[1],"tags":[],"class_list":["post-2038","post","type-post","status-publish","format-standard","has-post-thumbnail","hentry","category-noticias"],"_links":{"self":[{"href":"https:\/\/feiraecologica.com.br\/fae\/wp-json\/wp\/v2\/posts\/2038","targetHints":{"allow":["GET"]}}],"collection":[{"href":"https:\/\/feiraecologica.com.br\/fae\/wp-json\/wp\/v2\/posts"}],"about":[{"href":"https:\/\/feiraecologica.com.br\/fae\/wp-json\/wp\/v2\/types\/post"}],"author":[{"embeddable":true,"href":"https:\/\/feiraecologica.com.br\/fae\/wp-json\/wp\/v2\/users\/990005"}],"replies":[{"embeddable":true,"href":"https:\/\/feiraecologica.com.br\/fae\/wp-json\/wp\/v2\/comments?post=2038"}],"version-history":[{"count":2,"href":"https:\/\/feiraecologica.com.br\/fae\/wp-json\/wp\/v2\/posts\/2038\/revisions"}],"predecessor-version":[{"id":2043,"href":"https:\/\/feiraecologica.com.br\/fae\/wp-json\/wp\/v2\/posts\/2038\/revisions\/2043"}],"wp:featuredmedia":[{"embeddable":true,"href":"https:\/\/feiraecologica.com.br\/fae\/wp-json\/wp\/v2\/media\/2039"}],"wp:attachment":[{"href":"https:\/\/feiraecologica.com.br\/fae\/wp-json\/wp\/v2\/media?parent=2038"}],"wp:term":[{"taxonomy":"category","embeddable":true,"href":"https:\/\/feiraecologica.com.br\/fae\/wp-json\/wp\/v2\/categories?post=2038"},{"taxonomy":"post_tag","embeddable":true,"href":"https:\/\/feiraecologica.com.br\/fae\/wp-json\/wp\/v2\/tags?post=2038"}],"curies":[{"name":"wp","href":"https:\/\/api.w.org\/{rel}","templated":true}]}}